{"id":601,"date":"2022-09-24T09:22:36","date_gmt":"2022-09-24T09:22:36","guid":{"rendered":"https:\/\/www.warszawskiedrukarnie.pl\/?p=601"},"modified":"2022-09-24T09:22:36","modified_gmt":"2022-09-24T09:22:36","slug":"zebranie-zarzadu-glownego-sekcji-poligrafow-simp","status":"publish","type":"post","link":"https:\/\/www.warszawskiedrukarnie.pl\/?p=601","title":{"rendered":"Zebranie Zarz\u0105du G\u0142\u00f3wnego Sekcji Poligraf\u00f3w SIMP."},"content":{"rendered":"\n<p>Dnia 9. wrze\u015bnia 2022r. odby\u0142o si\u0119 Zebranie Zarz\u0105du w siedzibie firmy Michael Huber Polska w K\u0105tach Wroc\u0142awskich.<\/p>\n\n\n\n<p>Na pocz\u0105tku zebrania prezes Sekcji Poligraf\u00f3w SIMP Andrzej Szaefer przywita\u0142 przyby\u0142ych i podzi\u0119kowa\u0142 prezesowi firmy Michael Huber Januszowi Cymankowi za zaproszenie. Zacz\u0119\u0142o si\u0119 od wspomnie\u0144 dotychczasowej wsp\u00f3\u0142pracy zawodowej oraz nawi\u0105zano do Pierwszego Kongresu Poligraf\u00f3w, kt\u00f3ry odby\u0142 si\u0119 we Wroc\u0142awiu w 1999r. , gdzie znacz\u0105cy wk\u0142ad w organizacj\u0119 mia\u0142 kol. prezes Janusz Cymanek.<\/p>\n\n\n\n<p>Nast\u0119pnie prezes sekcji zaproponowa\u0142 \u017ceby nast\u0119pne zebranie sekcji odby\u0142o si\u0119 w Warszawie, a kolejne w innym o\u015brodku naszej organizacji przy licznym udziale miejscowego ko\u0142a lub sekcji.<\/p>\n\n\n\n<p>Prezes firmy zaproponowa\u0142 zwiedzenie firmy, kt\u00f3ra w ostatnim czasie si\u0119 znacznie rozbudowa\u0142a. Opr\u00f3cz mieszalni farb offsetowych i fleksograficznych uruchomiono znacz\u0105c\u0105 produkcj\u0119 lakier\u00f3w do druk\u00f3w. Zak\u0142ad jest wyposa\u017cony w nowoczesne urz\u0105dzenia produkcyjne oraz proekologicze jak i przeciwpo\u017carowe. Firma posiada r\u00f3wnie\u017c nowoczesne laboratorium do badania i opracowywania nowych produkt\u00f3w zwi\u0105zanych z farbami i lakierami drukarskimi.<\/p>\n\n\n\n<p>Po zwiedzaniu prezes Cymanek przedstawi\u0142 histori\u0119, osi\u0105gni\u0119cia i dalsze plany firmy.<\/p>\n\n\n\n<p>Prezes sekcji przedstawi\u0142 informacj\u0119 o przyznaniu przez Zarz\u0105d G\u0142\u00f3wny SIMP medali im. prof. Henryka Mierzejewskiego: po\u015bmiertnie dla kol. Tadeusza Ch\u0119sego i cz\u0142onka naszego zarz\u0105du kol. Henryka Czecha z Kalisza.<\/p>\n\n\n\n<p>W\u015br\u00f3d zebranych simpowc\u00f3w byli nauczyciele technik\u00f3w poligraficznych, wi\u0119c wywi\u0105za\u0142a si\u0119 o\u017cywiona dyskusja na temat problem\u00f3w w nowym roku szkolnym. Przedstawiono tak\u017ce aktualne informacje na temat zmian dotycz\u0105cych szkolnictwa wy\u017cszego i wyzwa\u0144 dla przemys\u0142u poligraficznego.<\/p>\n\n\n\n<p>Na zako\u0144czenie zrobiono pami\u0105tkowe zdj\u0119cia.<\/p>\n\n\n\n<figure class=\"wp-block-image size-full\"><img fetchpriority=\"high\" decoding=\"async\" width=\"572\" height=\"756\" src=\"https:\/\/www.warszawskiedrukarnie.pl\/wp-content\/uploads\/2022\/09\/zebranie-SIMP.jpg\" alt=\"\" class=\"wp-image-602\" srcset=\"https:\/\/www.warszawskiedrukarnie.pl\/wp-content\/uploads\/2022\/09\/zebranie-SIMP.jpg 572w, https:\/\/www.warszawskiedrukarnie.pl\/wp-content\/uploads\/2022\/09\/zebranie-SIMP-227x300.jpg 227w\" sizes=\"(max-width: 572px) 100vw, 572px\" \/><\/figure>\n\n\n\n<p class=\"has-text-align-right\"><em>Prezes Sekcji Polgraf\u00f3w SIMP<br>Andrzej Szaefer<\/em><\/p>\n","protected":false},"excerpt":{"rendered":"<p>Dnia 9. wrze\u015bnia 2022r. odby\u0142o si\u0119 Zebranie Zarz\u0105du w siedzibie firmy Michael Huber Polska w K\u0105tach Wroc\u0142awskich. Na pocz\u0105tku zebrania prezes Sekcji Poligraf\u00f3w SIMP Andrzej Szaefer przywita\u0142 przyby\u0142ych i podzi\u0119kowa\u0142 prezesowi firmy Michael Huber Januszowi Cymankowi za zaproszenie. Zacz\u0119\u0142o si\u0119 od wspomnie\u0144 dotychczasowej wsp\u00f3\u0142pracy zawodowej oraz nawi\u0105zano do Pierwszego Kongresu Poligraf\u00f3w, kt\u00f3ry odby\u0142 si\u0119 we [&hellip;]<\/p>\n","protected":false},"author":1,"featured_media":0,"comment_status":"closed","ping_status":"open","sticky":false,"template":"","format":"standard","meta":{"_jetpack_memberships_contains_paid_content":false,"footnotes":""},"categories":[1],"tags":[],"class_list":["post-601","post","type-post","status-publish","format-standard","hentry","category-uncategorized"],"jetpack_featured_media_url":"","jetpack_sharing_enabled":true,"_links":{"self":[{"href":"https:\/\/www.warszawskiedrukarnie.pl\/index.php?rest_route=\/wp\/v2\/posts\/601","targetHints":{"allow":["GET"]}}],"collection":[{"href":"https:\/\/www.warszawskiedrukarnie.pl\/index.php?rest_route=\/wp\/v2\/posts"}],"about":[{"href":"https:\/\/www.warszawskiedrukarnie.pl\/index.php?rest_route=\/wp\/v2\/types\/post"}],"author":[{"embeddable":true,"href":"https:\/\/www.warszawskiedrukarnie.pl\/index.php?rest_route=\/wp\/v2\/users\/1"}],"replies":[{"embeddable":true,"href":"https:\/\/www.warszawskiedrukarnie.pl\/index.php?rest_route=%2Fwp%2Fv2%2Fcomments&post=601"}],"version-history":[{"count":1,"href":"https:\/\/www.warszawskiedrukarnie.pl\/index.php?rest_route=\/wp\/v2\/posts\/601\/revisions"}],"predecessor-version":[{"id":603,"href":"https:\/\/www.warszawskiedrukarnie.pl\/index.php?rest_route=\/wp\/v2\/posts\/601\/revisions\/603"}],"wp:attachment":[{"href":"https:\/\/www.warszawskiedrukarnie.pl\/index.php?rest_route=%2Fwp%2Fv2%2Fmedia&parent=601"}],"wp:term":[{"taxonomy":"category","embeddable":true,"href":"https:\/\/www.warszawskiedrukarnie.pl\/index.php?rest_route=%2Fwp%2Fv2%2Fcategories&post=601"},{"taxonomy":"post_tag","embeddable":true,"href":"https:\/\/www.warszawskiedrukarnie.pl\/index.php?rest_route=%2Fwp%2Fv2%2Ftags&post=601"}],"curies":[{"name":"wp","href":"https:\/\/api.w.org\/{rel}","templated":true}]}}